{"id":7407,"date":"2025-10-29T17:27:43","date_gmt":"2025-10-29T16:27:43","guid":{"rendered":"https:\/\/www.ports-propres.org\/?p=7407"},"modified":"2025-10-29T17:27:45","modified_gmt":"2025-10-29T16:27:45","slug":"formation-ports-propres-actifs-en-biodiversite-a-port-frejus-28-10-25","status":"publish","type":"post","link":"https:\/\/www.ports-propres.org\/en\/actualit\u00e9s\/formations\/formation-ports-propres-actifs-en-biodiversite-a-port-frejus-28-10-25\/","title":{"rendered":"Formation Ports Propres Actifs en Biodiversit\u00e9 \u00e0 Port Fr\u00e9jus &#8211; 28\/10\/25"},"content":{"rendered":"\n<p>Une belle session de la formation PORTS PROPRES ACTIFS EN BIODIVERSIT\u00c9 \u00e0 Port Fr\u00e9jus. Quel plaisir de retrouver les personnels qui ont suivi au pr\u00e9alable la formation Ports Propres pour parler de biodiversit\u00e9.\u00a0Merci \u00e0 Port Fr\u00e9jus pour leur accueil et au CPIE C\u00f4te Proven\u00e7ale avec qui nous animons ces formations. <\/p>\n","protected":false},"excerpt":{"rendered":"<p>Une belle session de la formation PORTS PROPRES ACTIFS EN BIODIVERSIT\u00c9 \u00e0 Port Fr\u00e9jus. Quel plaisir de retrouver les personnels qui ont suivi au pr\u00e9alable la formation Ports Propres pour parler de biodiversit\u00e9.\u00a0Merci \u00e0 Port Fr\u00e9jus pour leur accueil et au CPIE C\u00f4te Proven\u00e7ale avec qui nous animons ces formations.<\/p>\n","protected":false},"author":1,"featured_media":7408,"comment_status":"closed","ping_status":"open","sticky":false,"template":"","format":"standard","meta":{"_acf_changed":false,"footnotes":""},"categories":[142],"tags":[],"class_list":["post-7407","post","type-post","status-publish","format-standard","has-post-thumbnail","hentry","category-formations"],"acf":[],"_links":{"self":[{"href":"https:\/\/www.ports-propres.org\/en\/wp-json\/wp\/v2\/posts\/7407","targetHints":{"allow":["GET"]}}],"collection":[{"href":"https:\/\/www.ports-propres.org\/en\/wp-json\/wp\/v2\/posts"}],"about":[{"href":"https:\/\/www.ports-propres.org\/en\/wp-json\/wp\/v2\/types\/post"}],"author":[{"embeddable":true,"href":"https:\/\/www.ports-propres.org\/en\/wp-json\/wp\/v2\/users\/1"}],"replies":[{"embeddable":true,"href":"https:\/\/www.ports-propres.org\/en\/wp-json\/wp\/v2\/comments?post=7407"}],"version-history":[{"count":1,"href":"https:\/\/www.ports-propres.org\/en\/wp-json\/wp\/v2\/posts\/7407\/revisions"}],"predecessor-version":[{"id":7410,"href":"https:\/\/www.ports-propres.org\/en\/wp-json\/wp\/v2\/posts\/7407\/revisions\/7410"}],"wp:featuredmedia":[{"embeddable":true,"href":"https:\/\/www.ports-propres.org\/en\/wp-json\/wp\/v2\/media\/7408"}],"wp:attachment":[{"href":"https:\/\/www.ports-propres.org\/en\/wp-json\/wp\/v2\/media?parent=7407"}],"wp:term":[{"taxonomy":"category","embeddable":true,"href":"https:\/\/www.ports-propres.org\/en\/wp-json\/wp\/v2\/categories?post=7407"},{"taxonomy":"post_tag","embeddable":true,"href":"https:\/\/www.ports-propres.org\/en\/wp-json\/wp\/v2\/tags?post=7407"}],"curies":[{"name":"wp","href":"https:\/\/api.w.org\/{rel}","templated":true}]}}