{"id":6837,"date":"2025-04-14T11:37:44","date_gmt":"2025-04-14T09:37:44","guid":{"rendered":"https:\/\/www.ports-propres.org\/?p=6837"},"modified":"2025-04-14T11:37:45","modified_gmt":"2025-04-14T09:37:45","slug":"reseau-national-de-formateurs-ports-propres-actifs-en-biodiversite","status":"publish","type":"post","link":"https:\/\/www.ports-propres.org\/en\/actualit\u00e9s\/formation-de-formateurs-ports-propres\/reseau-national-de-formateurs-ports-propres-actifs-en-biodiversite\/","title":{"rendered":"R\u00e9seau national de formateurs Ports Propres Actifs en Biodiversit\u00e9"},"content":{"rendered":"\n<p>F\u00e9licitations aux nouveaux formateurs nationaux PORTS PROPRES ACTIFS EN BIODIVERSIT\u00c9 fra\u00eechement habilit\u00e9s apr\u00e8s 4 jours de formation \u00e0 La Ciotat. <br><br>Ils dispenseront les formations Ports Propres Actifs en Biodiversit\u00e9 sur leur territoire, attestation \u00e0 l\u2019appui.<\/p>\n\n\n\n<p>Bienvenue \u00e0 :<br><br>\ud83c\udf38<a href=\"https:\/\/www.linkedin.com\/in\/ACoAADAoy5UBcp9eqHhBkpQYedZcJYKsT8mVNY8\"><\/a>L\u00e9one Breton (Association des Ports de Plaisance de l&#8217;Atlantique (APPA))<br>\ud83c\udf39<a href=\"https:\/\/www.linkedin.com\/in\/ACoAACRpPn4B2cdJc8UHc-qMc8I7gKCc71ps6ek\"><\/a>Marie Ledanois (Association des Ports de Plaisance Normands (APPN) )<br>\ud83d\udc1f Vincent PINATEL(SPL des Ports de la Manche )<br>\ud83d\udc20<a href=\"https:\/\/www.linkedin.com\/in\/ACoAABtPeRQBNCofoDXgET0B0r-QjAtu2ctxxCM\"><\/a>Solene Prieur Billard (D\u00e9partement de la Charente-Maritime )<br>\ud83c\udf32Marion BROQUERE (CPIE Bassin de Thau )<br>\ud83d\udc33 <a href=\"https:\/\/www.linkedin.com\/in\/ACoAACpwfcEBRVTZQcFfTubRGl1sBowRdN1JePQ\"><\/a>Salom\u00e9 Berthelot (CPIE Loire Oc\u00e9ane)<br>\ud83d\udc1e<a href=\"https:\/\/www.linkedin.com\/in\/ACoAABZUD44BXmr7SRuyJMyp-wzVtam80x5kNPw\"><\/a>Marie Francou (Union R\u00e9gionale des CPIE de Normandie)<br>\ud83d\udc1d<a href=\"https:\/\/www.linkedin.com\/in\/ACoAADzrepwBzGAFaCxTzJHgB2PstkocSiLpW54\"><\/a>Emilie Dijoux-Luneau (CPIE du Cotentin)<br><br>Ils rejoignent :<br><br>\ud83d\udc19\ud83c\udf40<a href=\"https:\/\/www.linkedin.com\/in\/ACoAAA0U9g4B0ADtICPq21K7UifdTUN7DnPRxJE\"><\/a>V\u00e9ronique TOURREL CLEMENT et <a href=\"https:\/\/www.linkedin.com\/in\/ACoAABNP60sBdmJfFm9ToUwyBfy56Y19bpGmUzc\"><\/a>Marceau artaud (Union des Ports de Plaisance Provence Alpes C\u00f4te d&#8217;Azur et Monaco (UPACA) )<br>\ud83e\udd84 <a href=\"https:\/\/www.linkedin.com\/in\/ACoAAB1Jt1sBdeFOhUkYoxAbT16-ttzSapDVNpo\"><\/a>Mathilde Valeix (Atelier Bleu CPIE C\u00f4te Proven\u00e7ale )<br>\ud83e\udd80<a href=\"https:\/\/www.linkedin.com\/in\/ACoAAAWOQlcBcopbNwuspyWKNPd-bNpq5v5Z1hU\"><\/a>Rozenn Tanguy (Association des Ports de Plaisance de Bretagne (APPB))<br>\ud83d\udc2c<a href=\"https:\/\/www.linkedin.com\/in\/ACoAACJSW78B-83GVtHJ3sAos6nxvoIlVTqgWbU\"><\/a>Anne-Sophie Julien (Les Ports d&#8217;Occitanie -UVPO)<br>\ud83e\udd80<a href=\"https:\/\/www.linkedin.com\/in\/ACoAAB5PNpEBG5Z_sfxyJyNXljf_S918Mdf22zc\"><\/a>Florent Le Moigno (Sellor )<br>\ud83e\udd94<a href=\"https:\/\/www.linkedin.com\/in\/ACoAABUBdBEBN9FnBMlmA2Q8KUFfb4zDuHn1JJo\"><\/a>C\u00e9line Marie (<a href=\"https:\/\/www.linkedin.com\/in\/ACoAAE10U8cBA36jRu4gBq7QssLNEdVV1Xw3bk4\"><\/a>CPIE Belle-Ile-en-Mer )<br>\ud83d\udc0b Alexandra AGOSTINI NARDINI (OFFICE DE L&#8217;ENVIRONNEMENT DE LA CORSE )<br>\ud83d\udc22<a href=\"https:\/\/www.linkedin.com\/in\/ACoAABdQymsB_v0Sa_HHTQX-jhT0XDaFHaXi20Y\"><\/a>Michel Mallaroni (<a href=\"https:\/\/www.linkedin.com\/in\/ACoAABj1-fQByWbO1Nl6BtJEw21UB_xnYlTqozA\"><\/a>Bonifacio Marina )<\/p>\n","protected":false},"excerpt":{"rendered":"<p>F\u00e9licitations aux nouveaux formateurs nationaux PORTS PROPRES ACTIFS EN BIODIVERSIT\u00c9 fra\u00eechement habilit\u00e9s apr\u00e8s 4 jours de formation \u00e0 La Ciotat. Ils dispenseront les formations Ports Propres Actifs en Biodiversit\u00e9 sur leur territoire, attestation \u00e0 l\u2019appui. Bienvenue \u00e0 : \ud83c\udf38L\u00e9one Breton (Association des Ports de Plaisance de l&#8217;Atlantique (APPA))\ud83c\udf39Marie Ledanois (Association des Ports de Plaisance Normands [&hellip;]<\/p>\n","protected":false},"author":1,"featured_media":6838,"comment_status":"closed","ping_status":"open","sticky":false,"template":"","format":"standard","meta":{"_acf_changed":false,"footnotes":""},"categories":[147],"tags":[],"class_list":["post-6837","post","type-post","status-publish","format-standard","has-post-thumbnail","hentry","category-formation-de-formateurs-ports-propres"],"acf":[],"_links":{"self":[{"href":"https:\/\/www.ports-propres.org\/en\/wp-json\/wp\/v2\/posts\/6837","targetHints":{"allow":["GET"]}}],"collection":[{"href":"https:\/\/www.ports-propres.org\/en\/wp-json\/wp\/v2\/posts"}],"about":[{"href":"https:\/\/www.ports-propres.org\/en\/wp-json\/wp\/v2\/types\/post"}],"author":[{"embeddable":true,"href":"https:\/\/www.ports-propres.org\/en\/wp-json\/wp\/v2\/users\/1"}],"replies":[{"embeddable":true,"href":"https:\/\/www.ports-propres.org\/en\/wp-json\/wp\/v2\/comments?post=6837"}],"version-history":[{"count":1,"href":"https:\/\/www.ports-propres.org\/en\/wp-json\/wp\/v2\/posts\/6837\/revisions"}],"predecessor-version":[{"id":6840,"href":"https:\/\/www.ports-propres.org\/en\/wp-json\/wp\/v2\/posts\/6837\/revisions\/6840"}],"wp:featuredmedia":[{"embeddable":true,"href":"https:\/\/www.ports-propres.org\/en\/wp-json\/wp\/v2\/media\/6838"}],"wp:attachment":[{"href":"https:\/\/www.ports-propres.org\/en\/wp-json\/wp\/v2\/media?parent=6837"}],"wp:term":[{"taxonomy":"category","embeddable":true,"href":"https:\/\/www.ports-propres.org\/en\/wp-json\/wp\/v2\/categories?post=6837"},{"taxonomy":"post_tag","embeddable":true,"href":"https:\/\/www.ports-propres.org\/en\/wp-json\/wp\/v2\/tags?post=6837"}],"curies":[{"name":"wp","href":"https:\/\/api.w.org\/{rel}","templated":true}]}}