{"id":6833,"date":"2025-04-14T11:33:06","date_gmt":"2025-04-14T09:33:06","guid":{"rendered":"https:\/\/www.ports-propres.org\/?p=6833"},"modified":"2025-04-14T11:33:07","modified_gmt":"2025-04-14T09:33:07","slug":"formation-ports-propres-actifs-en-biodiversite-du-9-avril-a-cassis","status":"publish","type":"post","link":"https:\/\/www.ports-propres.org\/en\/actualit\u00e9s\/formations\/formation-ports-propres-actifs-en-biodiversite-du-9-avril-a-cassis\/","title":{"rendered":"Formation Ports Propres Actifs en Biodiversit\u00e9 du 9 avril \u00e0 Cassis"},"content":{"rendered":"\n<p>La derni\u00e8re escale printani\u00e8re de la formation Ports Propres Actifs en Biodiversit\u00e9 en Provence Alpes C\u00f4te d\u2019Azur et Monaco s\u2019est d\u00e9roul\u00e9e le 9 avril dernier \u00e0 Cassis au c\u0153ur de la calanque de PORT-MIOU.  Merci \u00e0 la ville de Cassis ainsi qu\u2019 \u00e0 Gilles PANZANI et ses \u00e9quipes pour leur accueil. Merci aux participants, cette formation fut l\u2019occasion de mettre les nouveaux formateurs ,du r\u00e9seau national de formateurs Ports Propres Actifs en Biodiversit\u00e9, dans des conditions r\u00e9elles de formation.<\/p>\n","protected":false},"excerpt":{"rendered":"<p>La derni\u00e8re escale printani\u00e8re de la formation Ports Propres Actifs en Biodiversit\u00e9 en Provence Alpes C\u00f4te d\u2019Azur et Monaco s\u2019est d\u00e9roul\u00e9e le 9 avril dernier \u00e0 Cassis au c\u0153ur de la calanque de PORT-MIOU. Merci \u00e0 la ville de Cassis ainsi qu\u2019 \u00e0 Gilles PANZANI et ses \u00e9quipes pour leur accueil. Merci aux participants, cette [&hellip;]<\/p>\n","protected":false},"author":1,"featured_media":6834,"comment_status":"closed","ping_status":"open","sticky":false,"template":"","format":"standard","meta":{"_acf_changed":false,"footnotes":""},"categories":[142],"tags":[],"class_list":["post-6833","post","type-post","status-publish","format-standard","has-post-thumbnail","hentry","category-formations"],"acf":[],"_links":{"self":[{"href":"https:\/\/www.ports-propres.org\/en\/wp-json\/wp\/v2\/posts\/6833","targetHints":{"allow":["GET"]}}],"collection":[{"href":"https:\/\/www.ports-propres.org\/en\/wp-json\/wp\/v2\/posts"}],"about":[{"href":"https:\/\/www.ports-propres.org\/en\/wp-json\/wp\/v2\/types\/post"}],"author":[{"embeddable":true,"href":"https:\/\/www.ports-propres.org\/en\/wp-json\/wp\/v2\/users\/1"}],"replies":[{"embeddable":true,"href":"https:\/\/www.ports-propres.org\/en\/wp-json\/wp\/v2\/comments?post=6833"}],"version-history":[{"count":1,"href":"https:\/\/www.ports-propres.org\/en\/wp-json\/wp\/v2\/posts\/6833\/revisions"}],"predecessor-version":[{"id":6836,"href":"https:\/\/www.ports-propres.org\/en\/wp-json\/wp\/v2\/posts\/6833\/revisions\/6836"}],"wp:featuredmedia":[{"embeddable":true,"href":"https:\/\/www.ports-propres.org\/en\/wp-json\/wp\/v2\/media\/6834"}],"wp:attachment":[{"href":"https:\/\/www.ports-propres.org\/en\/wp-json\/wp\/v2\/media?parent=6833"}],"wp:term":[{"taxonomy":"category","embeddable":true,"href":"https:\/\/www.ports-propres.org\/en\/wp-json\/wp\/v2\/categories?post=6833"},{"taxonomy":"post_tag","embeddable":true,"href":"https:\/\/www.ports-propres.org\/en\/wp-json\/wp\/v2\/tags?post=6833"}],"curies":[{"name":"wp","href":"https:\/\/api.w.org\/{rel}","templated":true}]}}