{"id":6810,"date":"2025-03-26T11:27:12","date_gmt":"2025-03-26T10:27:12","guid":{"rendered":"https:\/\/www.ports-propres.org\/?p=6810"},"modified":"2025-03-26T11:47:25","modified_gmt":"2025-03-26T10:47:25","slug":"formation-ports-propres-actifs-en-biodiversite-25-mars-2025-theoule-sur-mer","status":"publish","type":"post","link":"https:\/\/www.ports-propres.org\/en\/actualit\u00e9s\/formations\/formation-ports-propres-actifs-en-biodiversite-25-mars-2025-theoule-sur-mer\/","title":{"rendered":"Formation Ports Propres Actifs en Biodiversit\u00e9 25 mars 2025 &#8211; Th\u00e9oule sur Mer"},"content":{"rendered":"\n<p>Premi\u00e8re escale des formations Ports Propres Actifs en Biodiversit\u00e9 2025 (en Provence Alpes C\u00f4te d&#8217;Azur et Monaco) \u00e0 Th\u00e9oule sur Mer. Merci aux \u00e9quipes du port pour leur accueil et la visite des installations portuaires en faveur de la Biodiversit\u00e9 terrestre et aquatique. Une excellente journ\u00e9e de formation. Merci \u00e0 tous.<\/p>\n","protected":false},"excerpt":{"rendered":"<p>Premi\u00e8re escale des formations Ports Propres Actifs en Biodiversit\u00e9 2025 (en Provence Alpes C\u00f4te d&#8217;Azur et Monaco) \u00e0 Th\u00e9oule sur Mer. Merci aux \u00e9quipes du port pour leur accueil et la visite des installations portuaires en faveur de la Biodiversit\u00e9 terrestre et aquatique. Une excellente journ\u00e9e de formation. Merci \u00e0 tous.<\/p>\n","protected":false},"author":1,"featured_media":6812,"comment_status":"closed","ping_status":"open","sticky":false,"template":"","format":"standard","meta":{"_acf_changed":false,"footnotes":""},"categories":[142],"tags":[],"class_list":["post-6810","post","type-post","status-publish","format-standard","has-post-thumbnail","hentry","category-formations"],"acf":[],"_links":{"self":[{"href":"https:\/\/www.ports-propres.org\/en\/wp-json\/wp\/v2\/posts\/6810","targetHints":{"allow":["GET"]}}],"collection":[{"href":"https:\/\/www.ports-propres.org\/en\/wp-json\/wp\/v2\/posts"}],"about":[{"href":"https:\/\/www.ports-propres.org\/en\/wp-json\/wp\/v2\/types\/post"}],"author":[{"embeddable":true,"href":"https:\/\/www.ports-propres.org\/en\/wp-json\/wp\/v2\/users\/1"}],"replies":[{"embeddable":true,"href":"https:\/\/www.ports-propres.org\/en\/wp-json\/wp\/v2\/comments?post=6810"}],"version-history":[{"count":1,"href":"https:\/\/www.ports-propres.org\/en\/wp-json\/wp\/v2\/posts\/6810\/revisions"}],"predecessor-version":[{"id":6811,"href":"https:\/\/www.ports-propres.org\/en\/wp-json\/wp\/v2\/posts\/6810\/revisions\/6811"}],"wp:featuredmedia":[{"embeddable":true,"href":"https:\/\/www.ports-propres.org\/en\/wp-json\/wp\/v2\/media\/6812"}],"wp:attachment":[{"href":"https:\/\/www.ports-propres.org\/en\/wp-json\/wp\/v2\/media?parent=6810"}],"wp:term":[{"taxonomy":"category","embeddable":true,"href":"https:\/\/www.ports-propres.org\/en\/wp-json\/wp\/v2\/categories?post=6810"},{"taxonomy":"post_tag","embeddable":true,"href":"https:\/\/www.ports-propres.org\/en\/wp-json\/wp\/v2\/tags?post=6810"}],"curies":[{"name":"wp","href":"https:\/\/api.w.org\/{rel}","templated":true}]}}