{"id":6803,"date":"2025-03-17T12:38:14","date_gmt":"2025-03-17T11:38:14","guid":{"rendered":"https:\/\/www.ports-propres.org\/?p=6803"},"modified":"2025-03-17T12:38:16","modified_gmt":"2025-03-17T11:38:16","slug":"reseau-national-de-formateurs-ports-propres-et-formation-ports-propres-des-10-11-12-mars-2025","status":"publish","type":"post","link":"https:\/\/www.ports-propres.org\/en\/actualit\u00e9s\/formations\/reseau-national-de-formateurs-ports-propres-et-formation-ports-propres-des-10-11-12-mars-2025\/","title":{"rendered":"R\u00e9seau national de formateurs Ports Propres et formation Ports Propres des 10\/11\/12 mars 2025"},"content":{"rendered":"\n<p>Suite de la session de formation de formateurs Ports Propres du 10 au 14 mars \u00e0 La Ciotat. Une semaine charg\u00e9e et tr\u00e8s enrichissante. Au programme\u00a0:<br><br>\u2714\ufe0f Se mettre dans des conditions r\u00e9elles en participant \u00e0 une formation Ports Propres. Merci aux personnels des ports de plaisance adh\u00e9rents \u00e0 l\u2019UPACA pour leur dynamisme pendant ces 3 jours. Merci \u00e0 la Mairie de Sanary-Sur-Mer, \u00e0 <a href=\"https:\/\/www.linkedin.com\/in\/ACoAABj1XOsBC7pYtLmq7MUJ58U6BMH6uBY2dB4\"><\/a>Jean-Michel PREYNAT, et ses \u00e9quipes, pour leur accueil et la visite de ce si joli port de plaisance certifi\u00e9 Ports Propres ;<br>\u2714\ufe0f Travailler sur le guide d\u2019animation, et pr\u00e9parer une intervention sur une s\u00e9quence de formation (dont cr\u00e9ation d\u2019un support)\u00a0;<br>\u2714\ufe0f Se faire \u00e9valuer\u00a0: pr\u00e9senter la s\u00e9quence, en condition r\u00e9elle, aux formateurs de formateurs.<br><br>D\u00e9fi relev\u00e9 avec brio . Stagiaires hier, formateurs aujourd\u2019hui\u00a0! Ils sont, \u00e0 pr\u00e9sent, habilit\u00e9s pour dispenser des formations Ports Propres sur leur territoire, attestation \u00e0 l\u2019appui\u00a0!\u00a0F\u00c9LICITATIONS<br><br>Rendez-vous pris en avril pour le second volet de cette formation de formateurs sur le th\u00e8me\u00a0\u00ab\u00a0Ports Propres Actifs en Biodiversit\u00e9\u00a0\u00bb, deuxi\u00e8me niveau de la norme ISO 18725 \u00ab\u00a0Ports Propres\u00a0\u00bb.<\/p>\n","protected":false},"excerpt":{"rendered":"<p>Suite de la session de formation de formateurs Ports Propres du 10 au 14 mars \u00e0 La Ciotat. Une semaine charg\u00e9e et tr\u00e8s enrichissante. Au programme\u00a0: \u2714\ufe0f Se mettre dans des conditions r\u00e9elles en participant \u00e0 une formation Ports Propres. Merci aux personnels des ports de plaisance adh\u00e9rents \u00e0 l\u2019UPACA pour leur dynamisme pendant ces [&hellip;]<\/p>\n","protected":false},"author":1,"featured_media":6804,"comment_status":"closed","ping_status":"open","sticky":false,"template":"","format":"standard","meta":{"_acf_changed":false,"footnotes":""},"categories":[142],"tags":[],"class_list":["post-6803","post","type-post","status-publish","format-standard","has-post-thumbnail","hentry","category-formations"],"acf":[],"_links":{"self":[{"href":"https:\/\/www.ports-propres.org\/en\/wp-json\/wp\/v2\/posts\/6803","targetHints":{"allow":["GET"]}}],"collection":[{"href":"https:\/\/www.ports-propres.org\/en\/wp-json\/wp\/v2\/posts"}],"about":[{"href":"https:\/\/www.ports-propres.org\/en\/wp-json\/wp\/v2\/types\/post"}],"author":[{"embeddable":true,"href":"https:\/\/www.ports-propres.org\/en\/wp-json\/wp\/v2\/users\/1"}],"replies":[{"embeddable":true,"href":"https:\/\/www.ports-propres.org\/en\/wp-json\/wp\/v2\/comments?post=6803"}],"version-history":[{"count":1,"href":"https:\/\/www.ports-propres.org\/en\/wp-json\/wp\/v2\/posts\/6803\/revisions"}],"predecessor-version":[{"id":6806,"href":"https:\/\/www.ports-propres.org\/en\/wp-json\/wp\/v2\/posts\/6803\/revisions\/6806"}],"wp:featuredmedia":[{"embeddable":true,"href":"https:\/\/www.ports-propres.org\/en\/wp-json\/wp\/v2\/media\/6804"}],"wp:attachment":[{"href":"https:\/\/www.ports-propres.org\/en\/wp-json\/wp\/v2\/media?parent=6803"}],"wp:term":[{"taxonomy":"category","embeddable":true,"href":"https:\/\/www.ports-propres.org\/en\/wp-json\/wp\/v2\/categories?post=6803"},{"taxonomy":"post_tag","embeddable":true,"href":"https:\/\/www.ports-propres.org\/en\/wp-json\/wp\/v2\/tags?post=6803"}],"curies":[{"name":"wp","href":"https:\/\/api.w.org\/{rel}","templated":true}]}}