{"id":6249,"date":"2024-06-04T17:11:15","date_gmt":"2024-06-04T15:11:15","guid":{"rendered":"https:\/\/www.ports-propres.org\/?p=6249"},"modified":"2024-06-04T17:11:16","modified_gmt":"2024-06-04T15:11:16","slug":"iso-18725-seule-et-unique-norme-mondiale-en-environnement-pour-les-ports-de-plaisance","status":"publish","type":"post","link":"https:\/\/www.ports-propres.org\/en\/actualit\u00e9s\/travaux-realises-dans-le-cadre-de-ports-propres\/iso-18725-seule-et-unique-norme-mondiale-en-environnement-pour-les-ports-de-plaisance\/","title":{"rendered":"ISO 18725\u00a0: Seule et Unique norme mondiale en environnement pour les ports de plaisance\u00a0!"},"content":{"rendered":"\n<p>L\u2019UPACA a le plaisir de vous annoncer la publication officielle de la norme ISO 18725, dite \u00ab&nbsp;norme mondiale Ports Propres&nbsp;\u00bb, ce jour, le 4 Juin 2024&nbsp;!<\/p>\n\n\n\n<p>Nous sommes, tous ensemble, tr\u00e8s fiers, d\u2019avoir r\u00e9alis\u00e9 la seule et unique norme environnementale mondiale sp\u00e9cifique aux ports de plaisance.<\/p>\n\n\n\n<p>Projet initi\u00e9 il y a 18 mois, avec l\u2019aide d\u2019AFNOR (Agence Fran\u00e7aise de Normalisation) et le soutien de la R\u00e9gion Sud, aupr\u00e8s du comit\u00e9 ISO (International Standard Organization), cette cr\u00e9ation s\u2019inscrit dans une suite logique.<\/p>\n\n\n\n<p>En effet, l\u2019UPACA, avec ses partenaires dont, en premier lieu, la R\u00e9gion Sud et, l\u2019Ademe, l\u2019Agence de l\u2019Eau Rh\u00f4ne M\u00e9diterran\u00e9e Corse, la DIRM, la DREAL, les unions et associations des ports de plaisance des autres r\u00e9gions fran\u00e7aises et, des collectifs d\u2019associations environnementales dont Ecogestes, avait d\u00e9j\u00e0 cr\u00e9\u00e9, en 2008, la certification fran\u00e7aise Ports Propres puis, son extension en norme europ\u00e9enne Ports Propres en 2012. En 2018, il y a eu sa suite optionnelle, la certification AFNOR Ports Propres Actifs en Biodiversit\u00e9.<\/p>\n\n\n\n<p>Ports Propres et Ports Propres Actifs en Biodiversit\u00e9 \u00e9taient d\u00e9j\u00e0 les seules certifications (et non pas des labels) sp\u00e9cifiques aux ports de plaisance au monde, maintenant elles en ont aussi le titre de reconnaissance en ad\u00e9quation avec leur caract\u00e8re unique.<\/p>\n\n\n\n<p>Les unions et associations de ports de plaisance des autres r\u00e9gions, UVPO, APPB, UPPC, APN, APPA, Hauts de France, APIF, APPL, et, la F\u00e9d\u00e9ration Fran\u00e7aise des Ports de Plaisance (FFPP) ont suivi toutes les \u00e9tapes du projet, afin de pouvoir en faire la promotion aupr\u00e8s de leurs adh\u00e9rents pour un red\u00e9ploiement optimal r\u00e9gional et national avec cette nouvelle reconnaissance mondiale. En effet, plus de 100 ports fran\u00e7ais sont d\u00e9j\u00e0 certifi\u00e9s Ports Propres et, devraient dans une logique de continuit\u00e9, se pr\u00e9senter \u00e0 la certification mondiale ISO 18&nbsp;725.<\/p>\n\n\n\n<p>Cette derni\u00e8re, suite \u00e0 sa publication mondiale, sera accessible pour les ports fran\u00e7ais <strong><u>dans les mois qui viennent.<\/u><\/strong><\/p>\n\n\n\n<p><strong><u>A ce jour, les certifications Ports Propres et Ports Propres Actifs en Biodiversit\u00e9 restent les m\u00eames avec les m\u00eames modalit\u00e9s de contr\u00f4le et d\u2019obtention.<\/u><\/strong><\/p>\n","protected":false},"excerpt":{"rendered":"<p>L\u2019UPACA a le plaisir de vous annoncer la publication officielle de la norme ISO 18725, dite \u00ab&nbsp;norme mondiale Ports Propres&nbsp;\u00bb, ce jour, le 4 Juin 2024&nbsp;! Nous sommes, tous ensemble, tr\u00e8s fiers, d\u2019avoir r\u00e9alis\u00e9 la seule et unique norme environnementale mondiale sp\u00e9cifique aux ports de plaisance. Projet initi\u00e9 il y a 18 mois, avec l\u2019aide [&hellip;]<\/p>\n","protected":false},"author":3,"featured_media":6250,"comment_status":"closed","ping_status":"open","sticky":false,"template":"","format":"standard","meta":{"_acf_changed":false,"footnotes":""},"categories":[144],"tags":[],"class_list":["post-6249","post","type-post","status-publish","format-standard","has-post-thumbnail","hentry","category-travaux-realises-dans-le-cadre-de-ports-propres"],"acf":[],"_links":{"self":[{"href":"https:\/\/www.ports-propres.org\/en\/wp-json\/wp\/v2\/posts\/6249","targetHints":{"allow":["GET"]}}],"collection":[{"href":"https:\/\/www.ports-propres.org\/en\/wp-json\/wp\/v2\/posts"}],"about":[{"href":"https:\/\/www.ports-propres.org\/en\/wp-json\/wp\/v2\/types\/post"}],"author":[{"embeddable":true,"href":"https:\/\/www.ports-propres.org\/en\/wp-json\/wp\/v2\/users\/3"}],"replies":[{"embeddable":true,"href":"https:\/\/www.ports-propres.org\/en\/wp-json\/wp\/v2\/comments?post=6249"}],"version-history":[{"count":1,"href":"https:\/\/www.ports-propres.org\/en\/wp-json\/wp\/v2\/posts\/6249\/revisions"}],"predecessor-version":[{"id":6252,"href":"https:\/\/www.ports-propres.org\/en\/wp-json\/wp\/v2\/posts\/6249\/revisions\/6252"}],"wp:featuredmedia":[{"embeddable":true,"href":"https:\/\/www.ports-propres.org\/en\/wp-json\/wp\/v2\/media\/6250"}],"wp:attachment":[{"href":"https:\/\/www.ports-propres.org\/en\/wp-json\/wp\/v2\/media?parent=6249"}],"wp:term":[{"taxonomy":"category","embeddable":true,"href":"https:\/\/www.ports-propres.org\/en\/wp-json\/wp\/v2\/categories?post=6249"},{"taxonomy":"post_tag","embeddable":true,"href":"https:\/\/www.ports-propres.org\/en\/wp-json\/wp\/v2\/tags?post=6249"}],"curies":[{"name":"wp","href":"https:\/\/api.w.org\/{rel}","templated":true}]}}