{"id":5603,"date":"2023-03-29T09:14:51","date_gmt":"2023-03-29T07:14:51","guid":{"rendered":"https:\/\/www.ports-propres.org\/?p=5603"},"modified":"2023-03-29T09:14:53","modified_gmt":"2023-03-29T07:14:53","slug":"formation-ports-propres-actifs-en-biodiversite-du-28-mars-2023-a-port-frejus","status":"publish","type":"post","link":"https:\/\/www.ports-propres.org\/en\/actualit\u00e9s\/formations\/formation-ports-propres-actifs-en-biodiversite-du-28-mars-2023-a-port-frejus\/","title":{"rendered":"Formation Ports Propres Actifs en Biodiversit\u00e9 du 28 mars 2023 \u00e0 Port Fr\u00e9jus"},"content":{"rendered":"\n<p>Merci\u00a0Port-Fr\u00e9jus\u00a0pour l\u2019accueil de la formation Ports Propres Actifs en Biodiversit\u00e9 ce 28 mars , \u00e0\u00a0Atelier Bleu CPIE C\u00f4te Proven\u00e7ale\u00a0avec qui nous animons ces journ\u00e9es et aux participants toujours tr\u00e8s impliqu\u00e9s.  Etre proactif pour la biodiversit\u00e9 terrestre et marine locale, c\u2019est solidement amarr\u00e9 dans la feuille de route des gestionnaires portuaires.<\/p>\n","protected":false},"excerpt":{"rendered":"<p>Merci\u00a0Port-Fr\u00e9jus\u00a0pour l\u2019accueil de la formation Ports Propres Actifs en Biodiversit\u00e9 ce 28 mars , \u00e0\u00a0Atelier Bleu CPIE C\u00f4te Proven\u00e7ale\u00a0avec qui nous animons ces journ\u00e9es et aux participants toujours tr\u00e8s impliqu\u00e9s. Etre proactif pour la biodiversit\u00e9 terrestre et marine locale, c\u2019est solidement amarr\u00e9 dans la feuille de route des gestionnaires portuaires.<\/p>\n","protected":false},"author":3,"featured_media":5604,"comment_status":"closed","ping_status":"open","sticky":false,"template":"","format":"standard","meta":{"_acf_changed":false,"footnotes":""},"categories":[142],"tags":[],"class_list":["post-5603","post","type-post","status-publish","format-standard","has-post-thumbnail","hentry","category-formations"],"acf":[],"_links":{"self":[{"href":"https:\/\/www.ports-propres.org\/en\/wp-json\/wp\/v2\/posts\/5603","targetHints":{"allow":["GET"]}}],"collection":[{"href":"https:\/\/www.ports-propres.org\/en\/wp-json\/wp\/v2\/posts"}],"about":[{"href":"https:\/\/www.ports-propres.org\/en\/wp-json\/wp\/v2\/types\/post"}],"author":[{"embeddable":true,"href":"https:\/\/www.ports-propres.org\/en\/wp-json\/wp\/v2\/users\/3"}],"replies":[{"embeddable":true,"href":"https:\/\/www.ports-propres.org\/en\/wp-json\/wp\/v2\/comments?post=5603"}],"version-history":[{"count":1,"href":"https:\/\/www.ports-propres.org\/en\/wp-json\/wp\/v2\/posts\/5603\/revisions"}],"predecessor-version":[{"id":5606,"href":"https:\/\/www.ports-propres.org\/en\/wp-json\/wp\/v2\/posts\/5603\/revisions\/5606"}],"wp:featuredmedia":[{"embeddable":true,"href":"https:\/\/www.ports-propres.org\/en\/wp-json\/wp\/v2\/media\/5604"}],"wp:attachment":[{"href":"https:\/\/www.ports-propres.org\/en\/wp-json\/wp\/v2\/media?parent=5603"}],"wp:term":[{"taxonomy":"category","embeddable":true,"href":"https:\/\/www.ports-propres.org\/en\/wp-json\/wp\/v2\/categories?post=5603"},{"taxonomy":"post_tag","embeddable":true,"href":"https:\/\/www.ports-propres.org\/en\/wp-json\/wp\/v2\/tags?post=5603"}],"curies":[{"name":"wp","href":"https:\/\/api.w.org\/{rel}","templated":true}]}}