{"id":4628,"date":"2021-03-17T12:49:24","date_gmt":"2021-03-17T11:49:24","guid":{"rendered":"https:\/\/www.ports-propres.org\/?p=4628"},"modified":"2021-03-17T13:00:19","modified_gmt":"2021-03-17T12:00:19","slug":"formation-ports-propres-actifs-en-biodiversite-du-16-mars-202","status":"publish","type":"post","link":"https:\/\/www.ports-propres.org\/en\/actualit\u00e9s\/formations\/formation-ports-propres-actifs-en-biodiversite-du-16-mars-202\/","title":{"rendered":"Formation Ports Propres Actifs en Biodiversit\u00e9 du 26 mars 2021"},"content":{"rendered":"\n<p>Le 16 mars dernier s\u2019est d\u00e9roul\u00e9 une session de formation \u00ab Ports Propres Actifs en Biodiversit\u00e9 \u00bb \u00e0 Port Fr\u00e9jus.<\/p>\n\n\n\n<p>Un grand merci aux personnels portuaires pour leur implication sur le sujet de la biodiversit\u00e9.<\/p>\n\n\n\n<p>Merci au CPIE de la C\u00f4te Proven\u00e7ale pour l\u2019organisation de cette journ\u00e9e et pour son professionnalisme, \u00e0 Port Fr\u00e9jus pour son accueil et la visite de ses installations et \u00e9quipements en faveur de la biodiversit\u00e9, \u00e0 Madame Marion BRICHET de la DIRM \u00e0 et Monsieur Gilles GIORGETTI de la R\u00e9gion SUD pour leurs interventions.<\/p>\n","protected":false},"excerpt":{"rendered":"<p>Le 16 mars dernier s\u2019est d\u00e9roul\u00e9 une session de formation \u00ab Ports Propres Actifs en Biodiversit\u00e9 \u00bb \u00e0 Port Fr\u00e9jus. Un grand merci aux personnels portuaires pour leur implication sur le sujet de la biodiversit\u00e9. Merci au CPIE de la C\u00f4te Proven\u00e7ale pour l\u2019organisation de cette journ\u00e9e et pour son professionnalisme, \u00e0 Port Fr\u00e9jus pour [&hellip;]<\/p>\n","protected":false},"author":3,"featured_media":4629,"comment_status":"closed","ping_status":"open","sticky":false,"template":"","format":"standard","meta":{"_acf_changed":false,"footnotes":""},"categories":[142],"tags":[],"class_list":["post-4628","post","type-post","status-publish","format-standard","has-post-thumbnail","hentry","category-formations"],"acf":[],"_links":{"self":[{"href":"https:\/\/www.ports-propres.org\/en\/wp-json\/wp\/v2\/posts\/4628","targetHints":{"allow":["GET"]}}],"collection":[{"href":"https:\/\/www.ports-propres.org\/en\/wp-json\/wp\/v2\/posts"}],"about":[{"href":"https:\/\/www.ports-propres.org\/en\/wp-json\/wp\/v2\/types\/post"}],"author":[{"embeddable":true,"href":"https:\/\/www.ports-propres.org\/en\/wp-json\/wp\/v2\/users\/3"}],"replies":[{"embeddable":true,"href":"https:\/\/www.ports-propres.org\/en\/wp-json\/wp\/v2\/comments?post=4628"}],"version-history":[{"count":3,"href":"https:\/\/www.ports-propres.org\/en\/wp-json\/wp\/v2\/posts\/4628\/revisions"}],"predecessor-version":[{"id":4633,"href":"https:\/\/www.ports-propres.org\/en\/wp-json\/wp\/v2\/posts\/4628\/revisions\/4633"}],"wp:featuredmedia":[{"embeddable":true,"href":"https:\/\/www.ports-propres.org\/en\/wp-json\/wp\/v2\/media\/4629"}],"wp:attachment":[{"href":"https:\/\/www.ports-propres.org\/en\/wp-json\/wp\/v2\/media?parent=4628"}],"wp:term":[{"taxonomy":"category","embeddable":true,"href":"https:\/\/www.ports-propres.org\/en\/wp-json\/wp\/v2\/categories?post=4628"},{"taxonomy":"post_tag","embeddable":true,"href":"https:\/\/www.ports-propres.org\/en\/wp-json\/wp\/v2\/tags?post=4628"}],"curies":[{"name":"wp","href":"https:\/\/api.w.org\/{rel}","templated":true}]}}