{"id":3740,"date":"2017-01-11T15:05:02","date_gmt":"2017-01-11T14:05:02","guid":{"rendered":"https:\/\/www.ports-propres.org\/?p=3740"},"modified":"2020-03-20T15:05:36","modified_gmt":"2020-03-20T14:05:36","slug":"remise-de-certifications-ports-propres-2","status":"publish","type":"post","link":"https:\/\/www.ports-propres.org\/en\/actualit\u00e9s\/certification-ports-propres-actifs-en-biodiversite\/remise-de-certifications-ports-propres-2\/","title":{"rendered":"Remise de certifications Ports Propres"},"content":{"rendered":"\n<p>A l&#8217;occasion du colloque \u00ab\u00a0Les ports, des \u00e9quipements essentiels \u00e0 la gestion du territoire\u00a0\u00bb qui s&#8217;est d\u00e9roul\u00e9 \u00e0 la Villa M\u00e9diterran\u00e9e de Marseille le 10 janvier 2017, le Conseil R\u00e9gional \u00e0 remis officiellement la certification Ports Propres aux ports de Cap d&#8217;Ail, de Saint Mandrier, des Issambres et \u00e0 Port Maritima (1er port \u00e0 sec \u00e0 recevoir cette certification)..<\/p>\n","protected":false},"excerpt":{"rendered":"<p>A l&#8217;occasion du colloque \u00ab\u00a0Les ports, des \u00e9quipements essentiels \u00e0 la gestion du territoire\u00a0\u00bb qui s&#8217;est d\u00e9roul\u00e9 \u00e0 la Villa M\u00e9diterran\u00e9e de Marseille le 10 janvier 2017, le Conseil R\u00e9gional \u00e0 remis officiellement la certification Ports Propres aux ports de Cap d&#8217;Ail, de Saint Mandrier, des Issambres et \u00e0 Port Maritima (1er port \u00e0 sec [&hellip;]<\/p>\n","protected":false},"author":3,"featured_media":3741,"comment_status":"closed","ping_status":"open","sticky":false,"template":"","format":"standard","meta":{"_acf_changed":false,"footnotes":""},"categories":[145],"tags":[],"class_list":["post-3740","post","type-post","status-publish","format-standard","has-post-thumbnail","hentry","category-certification-ports-propres-actifs-en-biodiversite"],"acf":[],"_links":{"self":[{"href":"https:\/\/www.ports-propres.org\/en\/wp-json\/wp\/v2\/posts\/3740","targetHints":{"allow":["GET"]}}],"collection":[{"href":"https:\/\/www.ports-propres.org\/en\/wp-json\/wp\/v2\/posts"}],"about":[{"href":"https:\/\/www.ports-propres.org\/en\/wp-json\/wp\/v2\/types\/post"}],"author":[{"embeddable":true,"href":"https:\/\/www.ports-propres.org\/en\/wp-json\/wp\/v2\/users\/3"}],"replies":[{"embeddable":true,"href":"https:\/\/www.ports-propres.org\/en\/wp-json\/wp\/v2\/comments?post=3740"}],"version-history":[{"count":1,"href":"https:\/\/www.ports-propres.org\/en\/wp-json\/wp\/v2\/posts\/3740\/revisions"}],"predecessor-version":[{"id":3743,"href":"https:\/\/www.ports-propres.org\/en\/wp-json\/wp\/v2\/posts\/3740\/revisions\/3743"}],"wp:featuredmedia":[{"embeddable":true,"href":"https:\/\/www.ports-propres.org\/en\/wp-json\/wp\/v2\/media\/3741"}],"wp:attachment":[{"href":"https:\/\/www.ports-propres.org\/en\/wp-json\/wp\/v2\/media?parent=3740"}],"wp:term":[{"taxonomy":"category","embeddable":true,"href":"https:\/\/www.ports-propres.org\/en\/wp-json\/wp\/v2\/categories?post=3740"},{"taxonomy":"post_tag","embeddable":true,"href":"https:\/\/www.ports-propres.org\/en\/wp-json\/wp\/v2\/tags?post=3740"}],"curies":[{"name":"wp","href":"https:\/\/api.w.org\/{rel}","templated":true}]}}