{"id":2758,"date":"2019-03-25T08:36:20","date_gmt":"2019-03-25T07:36:20","guid":{"rendered":"https:\/\/www.ports-propres.org\/?p=2758"},"modified":"2020-03-11T14:20:35","modified_gmt":"2020-03-11T13:20:35","slug":"un-nouveau-reseau-national-de-formateurs-ports-propres","status":"publish","type":"post","link":"https:\/\/www.ports-propres.org\/en\/actualit\u00e9s\/formation-de-formateurs-ports-propres\/un-nouveau-reseau-national-de-formateurs-ports-propres\/","title":{"rendered":"Un nouveau r\u00e9seau national de formateurs Ports Propres"},"content":{"rendered":"\n<p>Former des formateurs ! C\u2019est la nouvelle \u00e9tape de d\u00e9veloppement de la certification Ports Propres qui met en lumi\u00e8re la d\u00e9marche environnementale des ports de plaisance.<\/p>\n\n\n\n<p>L\u2019Union des Ports de Plaisance Provence-Alpes-C\u00f4te d\u2019Azur et Monaco, \u00e0 l\u2019origine de la cr\u00e9ation de la certification, s\u2019est associ\u00e9e au CPIE C\u00f4te Proven\u00e7ale, organisme sp\u00e9cialis\u00e9 dans les formations sur le champ du d\u00e9veloppement durable des territoires, pour cr\u00e9er un cursus de formation de formateurs Ports Propres.<\/p>\n\n\n\n<p>L\u2019objectif ? Dispenser l\u2019excellence environnementale \u00e0 l\u2019\u00e9chelle nationale en rendant les r\u00e9gions autonomes en mati\u00e8re de formation du personnel et d\u2019accompagnement des ports de plaisance dans la d\u00e9marche et la certification Ports Propres.<\/p>\n\n\n\n<figure class=\"wp-block-gallery columns-2 is-cropped wp-block-gallery-1 is-layout-flex wp-block-gallery-is-layout-flex\"><ul class=\"blocks-gallery-grid\"><li class=\"blocks-gallery-item\"><figure><img loading=\"lazy\" decoding=\"async\" width=\"464\" height=\"348\" src=\"https:\/\/www.ports-propres.org\/wp-content\/uploads\/2020\/03\/ssss.jpg\" alt=\"\" data-id=\"2864\" data-full-url=\"https:\/\/www.ports-propres.org\/wp-content\/uploads\/2020\/03\/ssss.jpg\" data-link=\"https:\/\/www.ports-propres.org\/actualit\u00e9s\/formation-de-formateurs-ports-propres\/un-nouveau-reseau-national-de-formateurs-ports-propres\/attachment\/ssss\/\" class=\"wp-image-2864\" \/><\/figure><\/li><li class=\"blocks-gallery-item\"><figure><img loading=\"lazy\" decoding=\"async\" width=\"390\" height=\"348\" src=\"https:\/\/www.ports-propres.org\/wp-content\/uploads\/2020\/03\/gzzgzgzg.jpg\" alt=\"\" data-id=\"2866\" data-full-url=\"https:\/\/www.ports-propres.org\/wp-content\/uploads\/2020\/03\/gzzgzgzg.jpg\" data-link=\"https:\/\/www.ports-propres.org\/actualit\u00e9s\/formation-de-formateurs-ports-propres\/un-nouveau-reseau-national-de-formateurs-ports-propres\/attachment\/gzzgzgzg\/\" class=\"wp-image-2866\" \/><\/figure><\/li><\/ul><\/figure>\n\n\n\n<p>Retrouver tous les d\u00e9tails dans le dossier de presse consultable sur le lien suivant\u00a0: \u00a0<a href=\"https:\/\/drive.google.com\/open?id=1tYlIsQrxb-mkfNnD4gHLDdVoWw2JqIu2\" target=\"_blank\" rel=\"noreferrer noopener\" aria-label=\"dossier de presse (s\u2019ouvre dans un nouvel onglet)\">dossier de presse<\/a><a rel=\"noreferrer noopener\" aria-label=\"dossier de presse  (s\u2019ouvre dans un nouvel onglet)\" href=\"https:\/\/drive.google.com\/open?id=1tYlIsQrxb-mkfNnD4gHLDdVoWw2JqIu2\" target=\"_blank\"> <\/a><\/p>\n","protected":false},"excerpt":{"rendered":"<p>Former des formateurs ! C\u2019est la nouvelle \u00e9tape de d\u00e9veloppement de la certification Ports Propres qui met en lumi\u00e8re la d\u00e9marche environnementale des ports de plaisance. L\u2019Union des Ports de Plaisance Provence-Alpes-C\u00f4te d\u2019Azur et Monaco, \u00e0 l\u2019origine de la cr\u00e9ation de la certification, s\u2019est associ\u00e9e au CPIE C\u00f4te Proven\u00e7ale, organisme sp\u00e9cialis\u00e9 dans les formations sur [&hellip;]<\/p>\n","protected":false},"author":3,"featured_media":2759,"comment_status":"closed","ping_status":"open","sticky":false,"template":"","format":"standard","meta":{"_acf_changed":false,"footnotes":""},"categories":[147],"tags":[],"class_list":["post-2758","post","type-post","status-publish","format-standard","has-post-thumbnail","hentry","category-formation-de-formateurs-ports-propres"],"acf":[],"_links":{"self":[{"href":"https:\/\/www.ports-propres.org\/en\/wp-json\/wp\/v2\/posts\/2758","targetHints":{"allow":["GET"]}}],"collection":[{"href":"https:\/\/www.ports-propres.org\/en\/wp-json\/wp\/v2\/posts"}],"about":[{"href":"https:\/\/www.ports-propres.org\/en\/wp-json\/wp\/v2\/types\/post"}],"author":[{"embeddable":true,"href":"https:\/\/www.ports-propres.org\/en\/wp-json\/wp\/v2\/users\/3"}],"replies":[{"embeddable":true,"href":"https:\/\/www.ports-propres.org\/en\/wp-json\/wp\/v2\/comments?post=2758"}],"version-history":[{"count":6,"href":"https:\/\/www.ports-propres.org\/en\/wp-json\/wp\/v2\/posts\/2758\/revisions"}],"predecessor-version":[{"id":3117,"href":"https:\/\/www.ports-propres.org\/en\/wp-json\/wp\/v2\/posts\/2758\/revisions\/3117"}],"wp:featuredmedia":[{"embeddable":true,"href":"https:\/\/www.ports-propres.org\/en\/wp-json\/wp\/v2\/media\/2759"}],"wp:attachment":[{"href":"https:\/\/www.ports-propres.org\/en\/wp-json\/wp\/v2\/media?parent=2758"}],"wp:term":[{"taxonomy":"category","embeddable":true,"href":"https:\/\/www.ports-propres.org\/en\/wp-json\/wp\/v2\/categories?post=2758"},{"taxonomy":"post_tag","embeddable":true,"href":"https:\/\/www.ports-propres.org\/en\/wp-json\/wp\/v2\/tags?post=2758"}],"curies":[{"name":"wp","href":"https:\/\/api.w.org\/{rel}","templated":true}]}}