{"id":2727,"date":"2019-02-08T08:14:00","date_gmt":"2019-02-08T07:14:00","guid":{"rendered":"https:\/\/www.ports-propres.org\/?p=2727"},"modified":"2020-03-11T13:31:26","modified_gmt":"2020-03-11T12:31:26","slug":"port-de-bormes-les-mimosas-remise-du-trophee-ports-propres-actifs-en-biodiversite","status":"publish","type":"post","link":"https:\/\/www.ports-propres.org\/en\/actualit\u00e9s\/port-certifie-ports-propres-actifs-en-biodiversite\/port-de-bormes-les-mimosas-remise-du-trophee-ports-propres-actifs-en-biodiversite\/","title":{"rendered":"Port de Bormes les Mimosas : remise du troph\u00e9e Ports Propres actifs en biodiversit\u00e9"},"content":{"rendered":"\n<p>Ce vendredi 8 f\u00e9vrier 2019, au cours de l\u2019Assembl\u00e9e pl\u00e9ni\u00e8re de l\u2019AMCRE (Assembl\u00e9  Maritime pour la Croissance R\u00e9gionale et l\u2019Environnement), Madame Maud FONTENOY, Vice-Pr\u00e9sidente  de la R\u00e9gion Sud, a remis \u00e0 Monsieur Jean-Pierre GASTAUD, Directeur du Port de Bormes les Mimosas, le troph\u00e9e \u00ab Ports Propres actifs en biodiversit\u00e9 \u00bb et le dipl\u00f4me une COP d\u2019Avance.<\/p>\n\n\n\n<p><a href=\"https:\/\/www.youtube.com\/watch?v=IAmGAm92EPw&amp;feature=youtu.be\" target=\"_blank\" rel=\"noreferrer noopener\" aria-label=\"Intervention de Maud FONTENOY (s\u2019ouvre dans un nouvel onglet)\">Intervention de Maud FONTENOY<\/a><\/p>\n\n\n\n<figure class=\"wp-block-gallery columns-2 is-cropped wp-block-gallery-1 is-layout-flex wp-block-gallery-is-layout-flex\"><ul class=\"blocks-gallery-grid\"><li class=\"blocks-gallery-item\"><figure><img loading=\"lazy\" decoding=\"async\" width=\"768\" height=\"1024\" src=\"https:\/\/www.ports-propres.org\/wp-content\/uploads\/2020\/03\/IMG_0412-768x1024-1.jpg\" alt=\"\" data-id=\"2730\" data-full-url=\"https:\/\/www.ports-propres.org\/wp-content\/uploads\/2020\/03\/IMG_0412-768x1024-1.jpg\" data-link=\"https:\/\/www.ports-propres.org\/?attachment_id=2730\" class=\"wp-image-2730\" srcset=\"https:\/\/www.ports-propres.org\/wp-content\/uploads\/2020\/03\/IMG_0412-768x1024-1.jpg 768w, https:\/\/www.ports-propres.org\/wp-content\/uploads\/2020\/03\/IMG_0412-768x1024-1-640x853.jpg 640w\" sizes=\"auto, (max-width: 768px) 100vw, 768px\" \/><\/figure><\/li><li class=\"blocks-gallery-item\"><figure><img loading=\"lazy\" decoding=\"async\" width=\"865\" height=\"1024\" src=\"https:\/\/www.ports-propres.org\/wp-content\/uploads\/2020\/03\/IMG_3977-865x1024-1.jpg\" alt=\"\" data-id=\"2732\" data-full-url=\"https:\/\/www.ports-propres.org\/wp-content\/uploads\/2020\/03\/IMG_3977-865x1024-1.jpg\" data-link=\"https:\/\/www.ports-propres.org\/?attachment_id=2732\" class=\"wp-image-2732\" srcset=\"https:\/\/www.ports-propres.org\/wp-content\/uploads\/2020\/03\/IMG_3977-865x1024-1.jpg 865w, https:\/\/www.ports-propres.org\/wp-content\/uploads\/2020\/03\/IMG_3977-865x1024-1-640x758.jpg 640w, https:\/\/www.ports-propres.org\/wp-content\/uploads\/2020\/03\/IMG_3977-865x1024-1-768x909.jpg 768w\" sizes=\"auto, (max-width: 865px) 100vw, 865px\" \/><\/figure><\/li><\/ul><\/figure>\n","protected":false},"excerpt":{"rendered":"<p>Ce vendredi 8 f\u00e9vrier 2019, au cours de l\u2019Assembl\u00e9e pl\u00e9ni\u00e8re de l\u2019AMCRE (Assembl\u00e9 Maritime pour la Croissance R\u00e9gionale et l\u2019Environnement), Madame Maud FONTENOY, Vice-Pr\u00e9sidente de la R\u00e9gion Sud, a remis \u00e0 Monsieur Jean-Pierre GASTAUD, Directeur du Port de Bormes les Mimosas, le troph\u00e9e \u00ab Ports Propres actifs en biodiversit\u00e9 \u00bb et le dipl\u00f4me une COP [&hellip;]<\/p>\n","protected":false},"author":3,"featured_media":2728,"comment_status":"closed","ping_status":"open","sticky":false,"template":"","format":"standard","meta":{"_acf_changed":false,"footnotes":""},"categories":[141],"tags":[],"class_list":["post-2727","post","type-post","status-publish","format-standard","has-post-thumbnail","hentry","category-port-certifie-ports-propres-actifs-en-biodiversite"],"acf":[],"_links":{"self":[{"href":"https:\/\/www.ports-propres.org\/en\/wp-json\/wp\/v2\/posts\/2727","targetHints":{"allow":["GET"]}}],"collection":[{"href":"https:\/\/www.ports-propres.org\/en\/wp-json\/wp\/v2\/posts"}],"about":[{"href":"https:\/\/www.ports-propres.org\/en\/wp-json\/wp\/v2\/types\/post"}],"author":[{"embeddable":true,"href":"https:\/\/www.ports-propres.org\/en\/wp-json\/wp\/v2\/users\/3"}],"replies":[{"embeddable":true,"href":"https:\/\/www.ports-propres.org\/en\/wp-json\/wp\/v2\/comments?post=2727"}],"version-history":[{"count":4,"href":"https:\/\/www.ports-propres.org\/en\/wp-json\/wp\/v2\/posts\/2727\/revisions"}],"predecessor-version":[{"id":3037,"href":"https:\/\/www.ports-propres.org\/en\/wp-json\/wp\/v2\/posts\/2727\/revisions\/3037"}],"wp:featuredmedia":[{"embeddable":true,"href":"https:\/\/www.ports-propres.org\/en\/wp-json\/wp\/v2\/media\/2728"}],"wp:attachment":[{"href":"https:\/\/www.ports-propres.org\/en\/wp-json\/wp\/v2\/media?parent=2727"}],"wp:term":[{"taxonomy":"category","embeddable":true,"href":"https:\/\/www.ports-propres.org\/en\/wp-json\/wp\/v2\/categories?post=2727"},{"taxonomy":"post_tag","embeddable":true,"href":"https:\/\/www.ports-propres.org\/en\/wp-json\/wp\/v2\/tags?post=2727"}],"curies":[{"name":"wp","href":"https:\/\/api.w.org\/{rel}","templated":true}]}}