{"id":2714,"date":"2019-02-06T19:03:16","date_gmt":"2019-02-06T18:03:16","guid":{"rendered":"https:\/\/www.ports-propres.org\/?p=2714"},"modified":"2020-03-30T21:51:29","modified_gmt":"2020-03-30T19:51:29","slug":"2714","status":"publish","type":"post","link":"https:\/\/www.ports-propres.org\/en\/actualit\u00e9s\/formation-de-formateurs-ports-propres\/2714\/","title":{"rendered":"Lancement de la formation de formateurs Ports Propres"},"content":{"rendered":"\n<p>Merci aux stagiaires et aux formateurs pour leur dynamisme. Du 05 au 07 f\u00e9vrier se d\u00e9roulent \u00e0 La Ciotat les premi\u00e8res s\u00e9quences de formation de formateurs Ports Propres dispens\u00e9e par l\u2019Union des Ports de Plaisance Provence Alpes C\u00f4te d&#8217;Azur et Monaco et le CPIE C\u00f4te Proven\u00e7ale. Merci aux stagiaires et aux formateurs pour leur dynamisme.  Merci aux stagiaires et aux formateurs pour leur dynamisme.<\/p>\n\n\n\n<figure class=\"wp-block-gallery columns-2 is-cropped wp-block-gallery-1 is-layout-flex wp-block-gallery-is-layout-flex\"><ul class=\"blocks-gallery-grid\"><li class=\"blocks-gallery-item\"><figure><img loading=\"lazy\" decoding=\"async\" width=\"1024\" height=\"768\" src=\"https:\/\/www.ports-propres.org\/wp-content\/uploads\/2020\/03\/IMG_0346-1024x768-1.jpg\" alt=\"\" data-id=\"2717\" data-full-url=\"https:\/\/www.ports-propres.org\/wp-content\/uploads\/2020\/03\/IMG_0346-1024x768-1.jpg\" data-link=\"https:\/\/www.ports-propres.org\/?attachment_id=2717\" class=\"wp-image-2717\" srcset=\"https:\/\/www.ports-propres.org\/wp-content\/uploads\/2020\/03\/IMG_0346-1024x768-1.jpg 1024w, https:\/\/www.ports-propres.org\/wp-content\/uploads\/2020\/03\/IMG_0346-1024x768-1-640x480.jpg 640w, https:\/\/www.ports-propres.org\/wp-content\/uploads\/2020\/03\/IMG_0346-1024x768-1-768x576.jpg 768w\" sizes=\"auto, (max-width: 1024px) 100vw, 1024px\" \/><\/figure><\/li><li class=\"blocks-gallery-item\"><figure><img loading=\"lazy\" decoding=\"async\" width=\"1024\" height=\"768\" src=\"https:\/\/www.ports-propres.org\/wp-content\/uploads\/2020\/03\/IMG_0352-1024x768-1.jpg\" alt=\"\" data-id=\"2719\" data-full-url=\"https:\/\/www.ports-propres.org\/wp-content\/uploads\/2020\/03\/IMG_0352-1024x768-1.jpg\" data-link=\"https:\/\/www.ports-propres.org\/?attachment_id=2719\" class=\"wp-image-2719\" srcset=\"https:\/\/www.ports-propres.org\/wp-content\/uploads\/2020\/03\/IMG_0352-1024x768-1.jpg 1024w, https:\/\/www.ports-propres.org\/wp-content\/uploads\/2020\/03\/IMG_0352-1024x768-1-640x480.jpg 640w, https:\/\/www.ports-propres.org\/wp-content\/uploads\/2020\/03\/IMG_0352-1024x768-1-768x576.jpg 768w\" sizes=\"auto, (max-width: 1024px) 100vw, 1024px\" \/><\/figure><\/li><\/ul><\/figure>\n","protected":false},"excerpt":{"rendered":"<p>Merci aux stagiaires et aux formateurs pour leur dynamisme. Du 05 au 07 f\u00e9vrier se d\u00e9roulent \u00e0 La Ciotat les premi\u00e8res s\u00e9quences de formation de formateurs Ports Propres dispens\u00e9e par l\u2019Union des Ports de Plaisance Provence Alpes C\u00f4te d&#8217;Azur et Monaco et le CPIE C\u00f4te Proven\u00e7ale. Merci aux stagiaires et aux formateurs pour leur dynamisme. [&hellip;]<\/p>\n","protected":false},"author":3,"featured_media":2715,"comment_status":"closed","ping_status":"open","sticky":false,"template":"","format":"standard","meta":{"_acf_changed":false,"footnotes":""},"categories":[147],"tags":[],"class_list":["post-2714","post","type-post","status-publish","format-standard","has-post-thumbnail","hentry","category-formation-de-formateurs-ports-propres"],"acf":[],"_links":{"self":[{"href":"https:\/\/www.ports-propres.org\/en\/wp-json\/wp\/v2\/posts\/2714","targetHints":{"allow":["GET"]}}],"collection":[{"href":"https:\/\/www.ports-propres.org\/en\/wp-json\/wp\/v2\/posts"}],"about":[{"href":"https:\/\/www.ports-propres.org\/en\/wp-json\/wp\/v2\/types\/post"}],"author":[{"embeddable":true,"href":"https:\/\/www.ports-propres.org\/en\/wp-json\/wp\/v2\/users\/3"}],"replies":[{"embeddable":true,"href":"https:\/\/www.ports-propres.org\/en\/wp-json\/wp\/v2\/comments?post=2714"}],"version-history":[{"count":6,"href":"https:\/\/www.ports-propres.org\/en\/wp-json\/wp\/v2\/posts\/2714\/revisions"}],"predecessor-version":[{"id":3769,"href":"https:\/\/www.ports-propres.org\/en\/wp-json\/wp\/v2\/posts\/2714\/revisions\/3769"}],"wp:featuredmedia":[{"embeddable":true,"href":"https:\/\/www.ports-propres.org\/en\/wp-json\/wp\/v2\/media\/2715"}],"wp:attachment":[{"href":"https:\/\/www.ports-propres.org\/en\/wp-json\/wp\/v2\/media?parent=2714"}],"wp:term":[{"taxonomy":"category","embeddable":true,"href":"https:\/\/www.ports-propres.org\/en\/wp-json\/wp\/v2\/categories?post=2714"},{"taxonomy":"post_tag","embeddable":true,"href":"https:\/\/www.ports-propres.org\/en\/wp-json\/wp\/v2\/tags?post=2714"}],"curies":[{"name":"wp","href":"https:\/\/api.w.org\/{rel}","templated":true}]}}