{"id":2706,"date":"2018-12-11T18:57:18","date_gmt":"2018-12-11T17:57:18","guid":{"rendered":"https:\/\/www.ports-propres.org\/?p=2706"},"modified":"2020-03-30T21:46:56","modified_gmt":"2020-03-30T19:46:56","slug":"formation-gestion-quotidienne-de-la-certification-ports-propres-en-provence-alpes-cote-dazur-7-decembre-2018","status":"publish","type":"post","link":"https:\/\/www.ports-propres.org\/en\/actualit\u00e9s\/formations\/formation-gestion-quotidienne-de-la-certification-ports-propres-en-provence-alpes-cote-dazur-7-decembre-2018\/","title":{"rendered":"Formation Gestion quotidienne de la certification Ports Propres en Provence Alpes C\u00f4te d&#8217;Azur du 7 d\u00e9cembre 2018"},"content":{"rendered":"\n<p>La session de formation de \u00ab Gestion quotidienne de la Certification Europ\u00e9enne \u00ab Ports Propres \u00bb \u00bb qui s\u2019est d\u00e9roul\u00e9e au centre CNFPT de la Garde le 7 d\u00e9cembre 2018 a \u00e9t\u00e9 un succ\u00e8s. Nous remercions le personnel portuaire pour son implication et son int\u00e9r\u00eat, ainsi que l\u2019\u00e9quipe de formation pour son professionnalisme.<\/p>\n","protected":false},"excerpt":{"rendered":"<p>La session de formation de \u00ab Gestion quotidienne de la Certification Europ\u00e9enne \u00ab Ports Propres \u00bb \u00bb qui s\u2019est d\u00e9roul\u00e9e au centre CNFPT de la Garde le 7 d\u00e9cembre 2018 a \u00e9t\u00e9 un succ\u00e8s. Nous remercions le personnel portuaire pour son implication et son int\u00e9r\u00eat, ainsi que l\u2019\u00e9quipe de formation pour son professionnalisme.<\/p>\n","protected":false},"author":3,"featured_media":2707,"comment_status":"closed","ping_status":"open","sticky":false,"template":"","format":"standard","meta":{"_acf_changed":false,"footnotes":""},"categories":[142],"tags":[],"class_list":["post-2706","post","type-post","status-publish","format-standard","has-post-thumbnail","hentry","category-formations"],"acf":[],"_links":{"self":[{"href":"https:\/\/www.ports-propres.org\/en\/wp-json\/wp\/v2\/posts\/2706","targetHints":{"allow":["GET"]}}],"collection":[{"href":"https:\/\/www.ports-propres.org\/en\/wp-json\/wp\/v2\/posts"}],"about":[{"href":"https:\/\/www.ports-propres.org\/en\/wp-json\/wp\/v2\/types\/post"}],"author":[{"embeddable":true,"href":"https:\/\/www.ports-propres.org\/en\/wp-json\/wp\/v2\/users\/3"}],"replies":[{"embeddable":true,"href":"https:\/\/www.ports-propres.org\/en\/wp-json\/wp\/v2\/comments?post=2706"}],"version-history":[{"count":5,"href":"https:\/\/www.ports-propres.org\/en\/wp-json\/wp\/v2\/posts\/2706\/revisions"}],"predecessor-version":[{"id":3768,"href":"https:\/\/www.ports-propres.org\/en\/wp-json\/wp\/v2\/posts\/2706\/revisions\/3768"}],"wp:featuredmedia":[{"embeddable":true,"href":"https:\/\/www.ports-propres.org\/en\/wp-json\/wp\/v2\/media\/2707"}],"wp:attachment":[{"href":"https:\/\/www.ports-propres.org\/en\/wp-json\/wp\/v2\/media?parent=2706"}],"wp:term":[{"taxonomy":"category","embeddable":true,"href":"https:\/\/www.ports-propres.org\/en\/wp-json\/wp\/v2\/categories?post=2706"},{"taxonomy":"post_tag","embeddable":true,"href":"https:\/\/www.ports-propres.org\/en\/wp-json\/wp\/v2\/tags?post=2706"}],"curies":[{"name":"wp","href":"https:\/\/api.w.org\/{rel}","templated":true}]}}