{"id":2445,"date":"2016-11-11T16:20:22","date_gmt":"2016-11-11T15:20:22","guid":{"rendered":"https:\/\/www.ports-propres.org\/?p=2445"},"modified":"2020-03-11T13:50:12","modified_gmt":"2020-03-11T12:50:12","slug":"formation-ports-propres-2-3-4-novembre-2016","status":"publish","type":"post","link":"https:\/\/www.ports-propres.org\/en\/actualit\u00e9s\/formations\/formation-ports-propres-2-3-4-novembre-2016\/","title":{"rendered":"Formation Ports Propres en Provence Alpes C\u00f4te d&#8217;Azur 2\/3\/4 novembre 2016"},"content":{"rendered":"\n<p>Un grand merci aux personnels portuaires pour leur implication dans cette session de formation \u00ab Ports Propres \u00bb qui s\u2019est d\u00e9roul\u00e9e sur le port de Bormes les Mimosas.<\/p>\n\n\n\n<p>Merci \u00e9galement au port de Bormes les Mimosas pour son accueil.<\/p>\n\n\n\n<p>Enfin, merci \u00e0 l\u2019intervention de Monsieur GIORGETTI de la R\u00e9gion, et au CPIE de la C\u00f4te Proven\u00e7ale pour l\u2019organisation de ces 3 journ\u00e9es et pour son professionnalisme.<\/p>\n\n\n\n<figure class=\"wp-block-image size-large\"><img loading=\"lazy\" decoding=\"async\" width=\"1024\" height=\"768\" src=\"https:\/\/www.ports-propres.org\/wp-content\/uploads\/2020\/03\/20161102_103220-1024x768-1.jpg\" alt=\"\" class=\"wp-image-2448\" srcset=\"https:\/\/www.ports-propres.org\/wp-content\/uploads\/2020\/03\/20161102_103220-1024x768-1.jpg 1024w, https:\/\/www.ports-propres.org\/wp-content\/uploads\/2020\/03\/20161102_103220-1024x768-1-640x480.jpg 640w, https:\/\/www.ports-propres.org\/wp-content\/uploads\/2020\/03\/20161102_103220-1024x768-1-768x576.jpg 768w\" sizes=\"auto, (max-width: 1024px) 100vw, 1024px\" \/><\/figure>\n\n\n\n<p><\/p>\n","protected":false},"excerpt":{"rendered":"<p>Un grand merci aux personnels portuaires pour leur implication dans cette session de formation \u00ab Ports Propres \u00bb qui s\u2019est d\u00e9roul\u00e9e sur le port de Bormes les Mimosas. Merci \u00e9galement au port de Bormes les Mimosas pour son accueil. Enfin, merci \u00e0 l\u2019intervention de Monsieur GIORGETTI de la R\u00e9gion, et au CPIE de la C\u00f4te [&hellip;]<\/p>\n","protected":false},"author":3,"featured_media":2446,"comment_status":"closed","ping_status":"open","sticky":false,"template":"","format":"standard","meta":{"_acf_changed":false,"footnotes":""},"categories":[142],"tags":[],"class_list":["post-2445","post","type-post","status-publish","format-standard","has-post-thumbnail","hentry","category-formations"],"acf":[],"_links":{"self":[{"href":"https:\/\/www.ports-propres.org\/en\/wp-json\/wp\/v2\/posts\/2445","targetHints":{"allow":["GET"]}}],"collection":[{"href":"https:\/\/www.ports-propres.org\/en\/wp-json\/wp\/v2\/posts"}],"about":[{"href":"https:\/\/www.ports-propres.org\/en\/wp-json\/wp\/v2\/types\/post"}],"author":[{"embeddable":true,"href":"https:\/\/www.ports-propres.org\/en\/wp-json\/wp\/v2\/users\/3"}],"replies":[{"embeddable":true,"href":"https:\/\/www.ports-propres.org\/en\/wp-json\/wp\/v2\/comments?post=2445"}],"version-history":[{"count":7,"href":"https:\/\/www.ports-propres.org\/en\/wp-json\/wp\/v2\/posts\/2445\/revisions"}],"predecessor-version":[{"id":3108,"href":"https:\/\/www.ports-propres.org\/en\/wp-json\/wp\/v2\/posts\/2445\/revisions\/3108"}],"wp:featuredmedia":[{"embeddable":true,"href":"https:\/\/www.ports-propres.org\/en\/wp-json\/wp\/v2\/media\/2446"}],"wp:attachment":[{"href":"https:\/\/www.ports-propres.org\/en\/wp-json\/wp\/v2\/media?parent=2445"}],"wp:term":[{"taxonomy":"category","embeddable":true,"href":"https:\/\/www.ports-propres.org\/en\/wp-json\/wp\/v2\/categories?post=2445"},{"taxonomy":"post_tag","embeddable":true,"href":"https:\/\/www.ports-propres.org\/en\/wp-json\/wp\/v2\/tags?post=2445"}],"curies":[{"name":"wp","href":"https:\/\/api.w.org\/{rel}","templated":true}]}}