{"id":2436,"date":"2016-11-26T16:17:41","date_gmt":"2016-11-26T15:17:41","guid":{"rendered":"https:\/\/www.ports-propres.org\/?p=2436"},"modified":"2020-03-11T13:49:47","modified_gmt":"2020-03-11T12:49:47","slug":"formation-gestion-quotidienne-de-la-certification-ports-propres","status":"publish","type":"post","link":"https:\/\/www.ports-propres.org\/en\/actualit\u00e9s\/formations\/formation-gestion-quotidienne-de-la-certification-ports-propres\/","title":{"rendered":"Formation Gestion quotidienne  de la certification Ports Propres en Provence Alpes C\u00f4te d&#8217;Azur 22 novembre 2016"},"content":{"rendered":"\n<p>Un grand merci aux personnels portuaires pour leur implication dans cette session de formation qui s\u2019est d\u00e9roul\u00e9e \u00e0 Port Gallice le 22 novembre dernier.<\/p>\n\n\n\n<p>Merci \u00e9galement \u00e0 port Gallice et \u00e0 toute son \u00e9quipe pour son accueil.<\/p>\n\n\n\n<p>Enfin, merci \u00e0 Eco Conseil M\u00e9diterran\u00e9e pour le professionnalisme de ses intervenants.<\/p>\n\n\n\n<figure class=\"wp-block-image size-large\"><img loading=\"lazy\" decoding=\"async\" width=\"1024\" height=\"768\" src=\"https:\/\/www.ports-propres.org\/wp-content\/uploads\/2020\/03\/IMG_8623-1024x768-1.jpg\" alt=\"\" class=\"wp-image-2439\" srcset=\"https:\/\/www.ports-propres.org\/wp-content\/uploads\/2020\/03\/IMG_8623-1024x768-1.jpg 1024w, https:\/\/www.ports-propres.org\/wp-content\/uploads\/2020\/03\/IMG_8623-1024x768-1-640x480.jpg 640w, https:\/\/www.ports-propres.org\/wp-content\/uploads\/2020\/03\/IMG_8623-1024x768-1-768x576.jpg 768w\" sizes=\"auto, (max-width: 1024px) 100vw, 1024px\" \/><\/figure>\n\n\n\n<figure class=\"wp-block-image size-large\"><img loading=\"lazy\" decoding=\"async\" width=\"1024\" height=\"768\" src=\"https:\/\/www.ports-propres.org\/wp-content\/uploads\/2020\/03\/IMG_8630-1024x768-1.jpg\" alt=\"\" class=\"wp-image-2441\" srcset=\"https:\/\/www.ports-propres.org\/wp-content\/uploads\/2020\/03\/IMG_8630-1024x768-1.jpg 1024w, https:\/\/www.ports-propres.org\/wp-content\/uploads\/2020\/03\/IMG_8630-1024x768-1-640x480.jpg 640w, https:\/\/www.ports-propres.org\/wp-content\/uploads\/2020\/03\/IMG_8630-1024x768-1-768x576.jpg 768w\" sizes=\"auto, (max-width: 1024px) 100vw, 1024px\" \/><\/figure>\n","protected":false},"excerpt":{"rendered":"<p>Un grand merci aux personnels portuaires pour leur implication dans cette session de formation qui s\u2019est d\u00e9roul\u00e9e \u00e0 Port Gallice le 22 novembre dernier. Merci \u00e9galement \u00e0 port Gallice et \u00e0 toute son \u00e9quipe pour son accueil. Enfin, merci \u00e0 Eco Conseil M\u00e9diterran\u00e9e pour le professionnalisme de ses intervenants.<\/p>\n","protected":false},"author":3,"featured_media":2437,"comment_status":"closed","ping_status":"open","sticky":false,"template":"","format":"standard","meta":{"_acf_changed":false,"footnotes":""},"categories":[142],"tags":[],"class_list":["post-2436","post","type-post","status-publish","format-standard","has-post-thumbnail","hentry","category-formations"],"acf":[],"_links":{"self":[{"href":"https:\/\/www.ports-propres.org\/en\/wp-json\/wp\/v2\/posts\/2436","targetHints":{"allow":["GET"]}}],"collection":[{"href":"https:\/\/www.ports-propres.org\/en\/wp-json\/wp\/v2\/posts"}],"about":[{"href":"https:\/\/www.ports-propres.org\/en\/wp-json\/wp\/v2\/types\/post"}],"author":[{"embeddable":true,"href":"https:\/\/www.ports-propres.org\/en\/wp-json\/wp\/v2\/users\/3"}],"replies":[{"embeddable":true,"href":"https:\/\/www.ports-propres.org\/en\/wp-json\/wp\/v2\/comments?post=2436"}],"version-history":[{"count":5,"href":"https:\/\/www.ports-propres.org\/en\/wp-json\/wp\/v2\/posts\/2436\/revisions"}],"predecessor-version":[{"id":3106,"href":"https:\/\/www.ports-propres.org\/en\/wp-json\/wp\/v2\/posts\/2436\/revisions\/3106"}],"wp:featuredmedia":[{"embeddable":true,"href":"https:\/\/www.ports-propres.org\/en\/wp-json\/wp\/v2\/media\/2437"}],"wp:attachment":[{"href":"https:\/\/www.ports-propres.org\/en\/wp-json\/wp\/v2\/media?parent=2436"}],"wp:term":[{"taxonomy":"category","embeddable":true,"href":"https:\/\/www.ports-propres.org\/en\/wp-json\/wp\/v2\/categories?post=2436"},{"taxonomy":"post_tag","embeddable":true,"href":"https:\/\/www.ports-propres.org\/en\/wp-json\/wp\/v2\/tags?post=2436"}],"curies":[{"name":"wp","href":"https:\/\/api.w.org\/{rel}","templated":true}]}}