{"id":2417,"date":"2016-10-17T16:13:39","date_gmt":"2016-10-17T14:13:39","guid":{"rendered":"https:\/\/www.ports-propres.org\/?p=2417"},"modified":"2020-03-11T13:50:31","modified_gmt":"2020-03-11T12:50:31","slug":"formations-ports-propres-12-13-14-octobre-2016","status":"publish","type":"post","link":"https:\/\/www.ports-propres.org\/en\/actualit\u00e9s\/formations\/formations-ports-propres-12-13-14-octobre-2016\/","title":{"rendered":"Formation Ports Propres en Provence Alpes C\u00f4te d&#8217;Azur 12\/13\/14 octobre 2016"},"content":{"rendered":"\n<p>Un grand merci aux personnels portuaires des ports de Hy\u00e8res, du port Canto et pointe croisette \u00e0 Cannes, ainsi que du port de la Pointe Rouge \u00e0 Marseille, pour leur implication dans cette session de formation \u00ab Ports Propres \u00bb.<\/p>\n\n\n\n<p>Merci \u00e9galement \u00e0 Marc CAMUS  du nouveau port de La Ciotat (port g\u00e9r\u00e9 par la M\u00e9tropole Aix-Marseille Provence) pour son retour d\u2019exp\u00e9rience et la visite de ses installations.<\/p>\n\n\n\n<p>Enfin, merci au CPIE de la C\u00f4te Proven\u00e7ale pour l\u2019organisation de ces 3 journ\u00e9es et pour son professionnalisme.  <\/p>\n\n\n\n<figure class=\"wp-block-image size-large\"><img loading=\"lazy\" decoding=\"async\" width=\"1024\" height=\"768\" src=\"https:\/\/www.ports-propres.org\/wp-content\/uploads\/2020\/03\/IMG_8468-1024x768-1.jpg\" alt=\"\" class=\"wp-image-2420\" srcset=\"https:\/\/www.ports-propres.org\/wp-content\/uploads\/2020\/03\/IMG_8468-1024x768-1.jpg 1024w, https:\/\/www.ports-propres.org\/wp-content\/uploads\/2020\/03\/IMG_8468-1024x768-1-640x480.jpg 640w, https:\/\/www.ports-propres.org\/wp-content\/uploads\/2020\/03\/IMG_8468-1024x768-1-768x576.jpg 768w\" sizes=\"auto, (max-width: 1024px) 100vw, 1024px\" \/><\/figure>\n\n\n\n<figure class=\"wp-block-image size-large\"><img loading=\"lazy\" decoding=\"async\" width=\"1024\" height=\"768\" src=\"https:\/\/www.ports-propres.org\/wp-content\/uploads\/2020\/03\/IMG_8462-1024x768-1.jpg\" alt=\"\" class=\"wp-image-2424\" srcset=\"https:\/\/www.ports-propres.org\/wp-content\/uploads\/2020\/03\/IMG_8462-1024x768-1.jpg 1024w, https:\/\/www.ports-propres.org\/wp-content\/uploads\/2020\/03\/IMG_8462-1024x768-1-640x480.jpg 640w, https:\/\/www.ports-propres.org\/wp-content\/uploads\/2020\/03\/IMG_8462-1024x768-1-768x576.jpg 768w\" sizes=\"auto, (max-width: 1024px) 100vw, 1024px\" \/><\/figure>\n\n\n\n<figure class=\"wp-block-image size-large\"><img loading=\"lazy\" decoding=\"async\" width=\"1024\" height=\"575\" src=\"https:\/\/www.ports-propres.org\/wp-content\/uploads\/2020\/03\/WP_20161012_002-1024x575-1.jpg\" alt=\"\" class=\"wp-image-2426\" srcset=\"https:\/\/www.ports-propres.org\/wp-content\/uploads\/2020\/03\/WP_20161012_002-1024x575-1.jpg 1024w, https:\/\/www.ports-propres.org\/wp-content\/uploads\/2020\/03\/WP_20161012_002-1024x575-1-640x359.jpg 640w, https:\/\/www.ports-propres.org\/wp-content\/uploads\/2020\/03\/WP_20161012_002-1024x575-1-768x431.jpg 768w, https:\/\/www.ports-propres.org\/wp-content\/uploads\/2020\/03\/WP_20161012_002-1024x575-1-1920x1080.jpg 1920w\" sizes=\"auto, (max-width: 1024px) 100vw, 1024px\" \/><\/figure>\n\n\n\n<figure class=\"wp-block-image size-large\"><img loading=\"lazy\" decoding=\"async\" width=\"1024\" height=\"768\" src=\"https:\/\/www.ports-propres.org\/wp-content\/uploads\/2020\/03\/IMG_8463-1024x768-1.jpg\" alt=\"\" class=\"wp-image-2428\" srcset=\"https:\/\/www.ports-propres.org\/wp-content\/uploads\/2020\/03\/IMG_8463-1024x768-1.jpg 1024w, https:\/\/www.ports-propres.org\/wp-content\/uploads\/2020\/03\/IMG_8463-1024x768-1-640x480.jpg 640w, https:\/\/www.ports-propres.org\/wp-content\/uploads\/2020\/03\/IMG_8463-1024x768-1-768x576.jpg 768w\" sizes=\"auto, (max-width: 1024px) 100vw, 1024px\" \/><\/figure>\n","protected":false},"excerpt":{"rendered":"<p>Un grand merci aux personnels portuaires des ports de Hy\u00e8res, du port Canto et pointe croisette \u00e0 Cannes, ainsi que du port de la Pointe Rouge \u00e0 Marseille, pour leur implication dans cette session de formation \u00ab Ports Propres \u00bb. Merci \u00e9galement \u00e0 Marc CAMUS du nouveau port de La Ciotat (port g\u00e9r\u00e9 par la [&hellip;]<\/p>\n","protected":false},"author":3,"featured_media":2418,"comment_status":"closed","ping_status":"open","sticky":false,"template":"","format":"standard","meta":{"_acf_changed":false,"footnotes":""},"categories":[142],"tags":[],"class_list":["post-2417","post","type-post","status-publish","format-standard","has-post-thumbnail","hentry","category-formations"],"acf":[],"_links":{"self":[{"href":"https:\/\/www.ports-propres.org\/en\/wp-json\/wp\/v2\/posts\/2417","targetHints":{"allow":["GET"]}}],"collection":[{"href":"https:\/\/www.ports-propres.org\/en\/wp-json\/wp\/v2\/posts"}],"about":[{"href":"https:\/\/www.ports-propres.org\/en\/wp-json\/wp\/v2\/types\/post"}],"author":[{"embeddable":true,"href":"https:\/\/www.ports-propres.org\/en\/wp-json\/wp\/v2\/users\/3"}],"replies":[{"embeddable":true,"href":"https:\/\/www.ports-propres.org\/en\/wp-json\/wp\/v2\/comments?post=2417"}],"version-history":[{"count":10,"href":"https:\/\/www.ports-propres.org\/en\/wp-json\/wp\/v2\/posts\/2417\/revisions"}],"predecessor-version":[{"id":3110,"href":"https:\/\/www.ports-propres.org\/en\/wp-json\/wp\/v2\/posts\/2417\/revisions\/3110"}],"wp:featuredmedia":[{"embeddable":true,"href":"https:\/\/www.ports-propres.org\/en\/wp-json\/wp\/v2\/media\/2418"}],"wp:attachment":[{"href":"https:\/\/www.ports-propres.org\/en\/wp-json\/wp\/v2\/media?parent=2417"}],"wp:term":[{"taxonomy":"category","embeddable":true,"href":"https:\/\/www.ports-propres.org\/en\/wp-json\/wp\/v2\/categories?post=2417"},{"taxonomy":"post_tag","embeddable":true,"href":"https:\/\/www.ports-propres.org\/en\/wp-json\/wp\/v2\/tags?post=2417"}],"curies":[{"name":"wp","href":"https:\/\/api.w.org\/{rel}","templated":true}]}}